{"id":281,"date":"2023-08-09T12:14:20","date_gmt":"2023-08-09T12:14:20","guid":{"rendered":"https:\/\/www.malagasunapartments.com\/blog\/?p=281"},"modified":"2023-08-09T12:14:21","modified_gmt":"2023-08-09T12:14:21","slug":"feria-de-malaga","status":"publish","type":"post","link":"https:\/\/www.malagasunapartments.com\/blog\/feria-de-malaga\/","title":{"rendered":"Feria de M\u00e1laga"},"content":{"rendered":"\n<p class=\"has-text-align-center has-medium-font-size\">Empieza la cuenta atr\u00e1s para que comience la Feria de M\u00e1laga \u23f3<\/p>\n\n\n\n<p class=\"has-text-align-center has-medium-font-size\">La feria de esta famosa capital comenzar\u00e1 el s\u00e1bado 12 de Agosto hasta el s\u00e1bado 19 de Agosto. <\/p>\n\n\n\n<p class=\"has-text-align-center has-medium-font-size\">Este evento se divide en dos partes: Calle Marqu\u00e9s de Larios y en el Recinto ferial.<\/p>\n\n\n\n<p class=\"has-text-align-center has-medium-font-size\">Por un lado la parte m\u00e1s tur\u00edstica de la feria se celebra en la calle principal de la capital, donde encontraremos la portada, los famosos toldos de Calle Marqu\u00e9s de Larios, los farolillos y periquitos adornando la ciudad&#8230; Adem\u00e1s, m\u00faltiples puestos de abanicos, peinetas, sombreros&#8230;y sobre todo los barriles del \u00a1Cartojal! No puedes irte de la feria sin tomar una copa de este vino de origen \ud83c\udf77<\/p>\n\n\n\n<p class=\"has-text-align-center has-medium-font-size\">Para lo que los malague\u00f1os llaman \u00abtardeo\u00bb y la noche, el recinto ferial es el sitio ideal. All\u00ed podr\u00e1s ver los \u00abcacharritos\u00bb (atracciones para los m\u00e1s peque\u00f1os de la casa como el tren de la bruja, colchonetas&#8230;\ud83c\udfa1), puestos de comida (patatas asadas, pollo asado, bocadillos, hamburguesas&#8230;), y much\u00edsimas casetas con m\u00fasica de todo tipo (flamenco, reggaeton, pop, cl\u00e1sico..). \ud83c\udfb6<\/p>\n\n\n\n<p class=\"has-text-align-center has-medium-font-size\">Otra de las opciones es visitar estas casetas al medio d\u00eda, ya que suelen poner paella gratis, y much\u00edsima variedad de comida malague\u00f1a como pesca\u00edto frito, gamas, sardinas para todos los que quieran almorzar all\u00ed.  <\/p>\n\n\n\n<p class=\"has-text-align-center has-medium-font-size\">Si este 2023 vienes a la Feria de M\u00e1laga, no olvides consultar su <strong><a href=\"https:\/\/www.malaga.eu\/export\/sites\/malagaeu\/feria-de-malaga\/.galleries\/DOCUMENTOS-Feria-2023\/PROGRAMA-FERIA-DE-MALAGA-2023.pdf\">PROGRAMA DE FERIA<\/a><\/strong>, donde podr\u00e1s ver especificado qu\u00e9 se celebrar\u00e1 cada d\u00eda y donde tendr\u00e1 lugar, ya que tambi\u00e9n habr\u00e1 conciertos y espect\u00e1culos por toda la ciudad. <\/p>\n\n\n\n<p class=\"has-text-align-center has-medium-font-size\">En M\u00e1laga Sun Apartments te estamos esperando para que te alojes con toda comodidad en M\u00e1laga mientras disfrutas de su feria, su gente, su ambiente, su cultura y su gastronom\u00eda&#8230;<strong><a href=\"https:\/\/www.malagasunapartments.com\/\">\u00a1corre no tardes en reservar!<\/a><\/strong> \ud83c\udfc3\ud83c\udffb\u200d\u2640\ufe0f\ud83d\udce7<\/p>\n","protected":false},"excerpt":{"rendered":"<p>Empieza la cuenta atr\u00e1s para que comience la Feria de M\u00e1laga \u23f3 La feria de esta famosa capital comenzar\u00e1 el&#8230;<\/p>\n","protected":false},"author":2,"featured_media":285,"comment_status":"open","ping_status":"open","sticky":false,"template":"","format":"standard","meta":{"footnotes":""},"categories":[147,148],"tags":[149,150,100,103,106,101,123],"class_list":["post-281","post","type-post","status-publish","format-standard","has-post-thumbnail","hentry","category-feria-de-malaga","category-feria-de-malaga-msa-en","tag-feria","tag-fiesta","tag-malaga-3","tag-playa","tag-sol-2","tag-turismo-2","tag-vacaciones"],"yoast_head":"<!-- This site is optimized with the Yoast SEO plugin v26.4 - https:\/\/yoast.com\/wordpress\/plugins\/seo\/ -->\n<title>Feria de M\u00e1laga - Blog<\/title>\n<meta name=\"description\" content=\"Empieza la cuenta atr\u00e1s para que comience la Feria de M\u00e1laga \u23f3La feria de esta famosa capital comenzar\u00e1 el s\u00e1bado 12 de Agosto hasta el s\u00e1bado 19 de Agosto.\" \/>\n<meta name=\"robots\" content=\"index, follow, max-snippet:-1, max-image-preview:large, max-video-preview:-1\" \/>\n<link rel=\"canonical\" href=\"https:\/\/www.malagasunapartments.com\/blog\/feria-de-malaga\/\" \/>\n<meta property=\"og:locale\" content=\"es_ES\" \/>\n<meta property=\"og:type\" content=\"article\" \/>\n<meta property=\"og:title\" content=\"Feria de M\u00e1laga - Blog\" \/>\n<meta property=\"og:description\" content=\"Empieza la cuenta atr\u00e1s para que comience la Feria de M\u00e1laga \u23f3La feria de esta famosa capital comenzar\u00e1 el s\u00e1bado 12 de Agosto hasta el s\u00e1bado 19 de Agosto.\" \/>\n<meta property=\"og:url\" content=\"https:\/\/www.malagasunapartments.com\/blog\/feria-de-malaga\/\" \/>\n<meta property=\"og:site_name\" content=\"Blog\" \/>\n<meta property=\"article:published_time\" content=\"2023-08-09T12:14:20+00:00\" \/>\n<meta property=\"article:modified_time\" content=\"2023-08-09T12:14:21+00:00\" \/>\n<meta property=\"og:image\" content=\"https:\/\/www.malagasunapartments.com\/blog\/wp-content\/uploads\/2023\/08\/WhatsApp-Image-2023-08-09-at-14.12.59.jpeg\" \/>\n\t<meta property=\"og:image:width\" content=\"774\" \/>\n\t<meta property=\"og:image:height\" content=\"1024\" \/>\n\t<meta property=\"og:image:type\" content=\"image\/jpeg\" \/>\n<meta name=\"author\" content=\"malagasunapartments\" \/>\n<meta name=\"twitter:card\" content=\"summary_large_image\" \/>\n<meta name=\"twitter:label1\" content=\"Escrito por\" \/>\n\t<meta name=\"twitter:data1\" content=\"malagasunapartments\" \/>\n\t<meta name=\"twitter:label2\" content=\"Tiempo de lectura\" \/>\n\t<meta name=\"twitter:data2\" content=\"2 minutos\" \/>\n<script type=\"application\/ld+json\" class=\"yoast-schema-graph\">{\"@context\":\"https:\/\/schema.org\",\"@graph\":[{\"@type\":\"WebPage\",\"@id\":\"https:\/\/www.malagasunapartments.com\/blog\/feria-de-malaga\/\",\"url\":\"https:\/\/www.malagasunapartments.com\/blog\/feria-de-malaga\/\",\"name\":\"Feria de M\u00e1laga - Blog\",\"isPartOf\":{\"@id\":\"https:\/\/www.malagasunapartments.com\/blog\/#website\"},\"primaryImageOfPage\":{\"@id\":\"https:\/\/www.malagasunapartments.com\/blog\/feria-de-malaga\/#primaryimage\"},\"image\":{\"@id\":\"https:\/\/www.malagasunapartments.com\/blog\/feria-de-malaga\/#primaryimage\"},\"thumbnailUrl\":\"https:\/\/www.malagasunapartments.com\/blog\/wp-content\/uploads\/2023\/08\/WhatsApp-Image-2023-08-09-at-14.12.59.jpeg\",\"datePublished\":\"2023-08-09T12:14:20+00:00\",\"dateModified\":\"2023-08-09T12:14:21+00:00\",\"author\":{\"@id\":\"https:\/\/www.malagasunapartments.com\/blog\/#\/schema\/person\/04ea4e156558105073911e416db5e697\"},\"description\":\"Empieza la cuenta atr\u00e1s para que comience la Feria de M\u00e1laga \u23f3La feria de esta famosa capital comenzar\u00e1 el s\u00e1bado 12 de Agosto hasta el s\u00e1bado 19 de Agosto.\",\"breadcrumb\":{\"@id\":\"https:\/\/www.malagasunapartments.com\/blog\/feria-de-malaga\/#breadcrumb\"},\"inLanguage\":\"es\",\"potentialAction\":[{\"@type\":\"ReadAction\",\"target\":[\"https:\/\/www.malagasunapartments.com\/blog\/feria-de-malaga\/\"]}]},{\"@type\":\"ImageObject\",\"inLanguage\":\"es\",\"@id\":\"https:\/\/www.malagasunapartments.com\/blog\/feria-de-malaga\/#primaryimage\",\"url\":\"https:\/\/www.malagasunapartments.com\/blog\/wp-content\/uploads\/2023\/08\/WhatsApp-Image-2023-08-09-at-14.12.59.jpeg\",\"contentUrl\":\"https:\/\/www.malagasunapartments.com\/blog\/wp-content\/uploads\/2023\/08\/WhatsApp-Image-2023-08-09-at-14.12.59.jpeg\",\"width\":774,\"height\":1024},{\"@type\":\"BreadcrumbList\",\"@id\":\"https:\/\/www.malagasunapartments.com\/blog\/feria-de-malaga\/#breadcrumb\",\"itemListElement\":[{\"@type\":\"ListItem\",\"position\":1,\"name\":\"Home\",\"item\":\"https:\/\/www.malagasunapartments.com\/blog\/\"},{\"@type\":\"ListItem\",\"position\":2,\"name\":\"Feria de M\u00e1laga\"}]},{\"@type\":\"WebSite\",\"@id\":\"https:\/\/www.malagasunapartments.com\/blog\/#website\",\"url\":\"https:\/\/www.malagasunapartments.com\/blog\/\",\"name\":\"Blog\",\"description\":\"Malagasunapartments\",\"potentialAction\":[{\"@type\":\"SearchAction\",\"target\":{\"@type\":\"EntryPoint\",\"urlTemplate\":\"https:\/\/www.malagasunapartments.com\/blog\/?s={search_term_string}\"},\"query-input\":{\"@type\":\"PropertyValueSpecification\",\"valueRequired\":true,\"valueName\":\"search_term_string\"}}],\"inLanguage\":\"es\"},{\"@type\":\"Person\",\"@id\":\"https:\/\/www.malagasunapartments.com\/blog\/#\/schema\/person\/04ea4e156558105073911e416db5e697\",\"name\":\"malagasunapartments\",\"image\":{\"@type\":\"ImageObject\",\"inLanguage\":\"es\",\"@id\":\"https:\/\/www.malagasunapartments.com\/blog\/#\/schema\/person\/image\/\",\"url\":\"https:\/\/secure.gravatar.com\/avatar\/e7588a947b8881a70db8840d4ffed85cf5b53bccce51d39f8a5d806916a24ca6?s=96&d=mm&r=g\",\"contentUrl\":\"https:\/\/secure.gravatar.com\/avatar\/e7588a947b8881a70db8840d4ffed85cf5b53bccce51d39f8a5d806916a24ca6?s=96&d=mm&r=g\",\"caption\":\"malagasunapartments\"},\"url\":\"https:\/\/www.malagasunapartments.com\/blog\/author\/malagasunapartments\/\"}]}<\/script>\n<!-- \/ Yoast SEO plugin. -->","yoast_head_json":{"title":"Feria de M\u00e1laga - Blog","description":"Empieza la cuenta atr\u00e1s para que comience la Feria de M\u00e1laga \u23f3La feria de esta famosa capital comenzar\u00e1 el s\u00e1bado 12 de Agosto hasta el s\u00e1bado 19 de Agosto.","robots":{"index":"index","follow":"follow","max-snippet":"max-snippet:-1","max-image-preview":"max-image-preview:large","max-video-preview":"max-video-preview:-1"},"canonical":"https:\/\/www.malagasunapartments.com\/blog\/feria-de-malaga\/","og_locale":"es_ES","og_type":"article","og_title":"Feria de M\u00e1laga - Blog","og_description":"Empieza la cuenta atr\u00e1s para que comience la Feria de M\u00e1laga \u23f3La feria de esta famosa capital comenzar\u00e1 el s\u00e1bado 12 de Agosto hasta el s\u00e1bado 19 de Agosto.","og_url":"https:\/\/www.malagasunapartments.com\/blog\/feria-de-malaga\/","og_site_name":"Blog","article_published_time":"2023-08-09T12:14:20+00:00","article_modified_time":"2023-08-09T12:14:21+00:00","og_image":[{"width":774,"height":1024,"url":"https:\/\/www.malagasunapartments.com\/blog\/wp-content\/uploads\/2023\/08\/WhatsApp-Image-2023-08-09-at-14.12.59.jpeg","type":"image\/jpeg"}],"author":"malagasunapartments","twitter_card":"summary_large_image","twitter_misc":{"Escrito por":"malagasunapartments","Tiempo de lectura":"2 minutos"},"schema":{"@context":"https:\/\/schema.org","@graph":[{"@type":"WebPage","@id":"https:\/\/www.malagasunapartments.com\/blog\/feria-de-malaga\/","url":"https:\/\/www.malagasunapartments.com\/blog\/feria-de-malaga\/","name":"Feria de M\u00e1laga - Blog","isPartOf":{"@id":"https:\/\/www.malagasunapartments.com\/blog\/#website"},"primaryImageOfPage":{"@id":"https:\/\/www.malagasunapartments.com\/blog\/feria-de-malaga\/#primaryimage"},"image":{"@id":"https:\/\/www.malagasunapartments.com\/blog\/feria-de-malaga\/#primaryimage"},"thumbnailUrl":"https:\/\/www.malagasunapartments.com\/blog\/wp-content\/uploads\/2023\/08\/WhatsApp-Image-2023-08-09-at-14.12.59.jpeg","datePublished":"2023-08-09T12:14:20+00:00","dateModified":"2023-08-09T12:14:21+00:00","author":{"@id":"https:\/\/www.malagasunapartments.com\/blog\/#\/schema\/person\/04ea4e156558105073911e416db5e697"},"description":"Empieza la cuenta atr\u00e1s para que comience la Feria de M\u00e1laga \u23f3La feria de esta famosa capital comenzar\u00e1 el s\u00e1bado 12 de Agosto hasta el s\u00e1bado 19 de Agosto.","breadcrumb":{"@id":"https:\/\/www.malagasunapartments.com\/blog\/feria-de-malaga\/#breadcrumb"},"inLanguage":"es","potentialAction":[{"@type":"ReadAction","target":["https:\/\/www.malagasunapartments.com\/blog\/feria-de-malaga\/"]}]},{"@type":"ImageObject","inLanguage":"es","@id":"https:\/\/www.malagasunapartments.com\/blog\/feria-de-malaga\/#primaryimage","url":"https:\/\/www.malagasunapartments.com\/blog\/wp-content\/uploads\/2023\/08\/WhatsApp-Image-2023-08-09-at-14.12.59.jpeg","contentUrl":"https:\/\/www.malagasunapartments.com\/blog\/wp-content\/uploads\/2023\/08\/WhatsApp-Image-2023-08-09-at-14.12.59.jpeg","width":774,"height":1024},{"@type":"BreadcrumbList","@id":"https:\/\/www.malagasunapartments.com\/blog\/feria-de-malaga\/#breadcrumb","itemListElement":[{"@type":"ListItem","position":1,"name":"Home","item":"https:\/\/www.malagasunapartments.com\/blog\/"},{"@type":"ListItem","position":2,"name":"Feria de M\u00e1laga"}]},{"@type":"WebSite","@id":"https:\/\/www.malagasunapartments.com\/blog\/#website","url":"https:\/\/www.malagasunapartments.com\/blog\/","name":"Blog","description":"Malagasunapartments","potentialAction":[{"@type":"SearchAction","target":{"@type":"EntryPoint","urlTemplate":"https:\/\/www.malagasunapartments.com\/blog\/?s={search_term_string}"},"query-input":{"@type":"PropertyValueSpecification","valueRequired":true,"valueName":"search_term_string"}}],"inLanguage":"es"},{"@type":"Person","@id":"https:\/\/www.malagasunapartments.com\/blog\/#\/schema\/person\/04ea4e156558105073911e416db5e697","name":"malagasunapartments","image":{"@type":"ImageObject","inLanguage":"es","@id":"https:\/\/www.malagasunapartments.com\/blog\/#\/schema\/person\/image\/","url":"https:\/\/secure.gravatar.com\/avatar\/e7588a947b8881a70db8840d4ffed85cf5b53bccce51d39f8a5d806916a24ca6?s=96&d=mm&r=g","contentUrl":"https:\/\/secure.gravatar.com\/avatar\/e7588a947b8881a70db8840d4ffed85cf5b53bccce51d39f8a5d806916a24ca6?s=96&d=mm&r=g","caption":"malagasunapartments"},"url":"https:\/\/www.malagasunapartments.com\/blog\/author\/malagasunapartments\/"}]}},"_links":{"self":[{"href":"https:\/\/www.malagasunapartments.com\/blog\/wp-json\/wp\/v2\/posts\/281","targetHints":{"allow":["GET"]}}],"collection":[{"href":"https:\/\/www.malagasunapartments.com\/blog\/wp-json\/wp\/v2\/posts"}],"about":[{"href":"https:\/\/www.malagasunapartments.com\/blog\/wp-json\/wp\/v2\/types\/post"}],"author":[{"embeddable":true,"href":"https:\/\/www.malagasunapartments.com\/blog\/wp-json\/wp\/v2\/users\/2"}],"replies":[{"embeddable":true,"href":"https:\/\/www.malagasunapartments.com\/blog\/wp-json\/wp\/v2\/comments?post=281"}],"version-history":[{"count":1,"href":"https:\/\/www.malagasunapartments.com\/blog\/wp-json\/wp\/v2\/posts\/281\/revisions"}],"predecessor-version":[{"id":284,"href":"https:\/\/www.malagasunapartments.com\/blog\/wp-json\/wp\/v2\/posts\/281\/revisions\/284"}],"wp:featuredmedia":[{"embeddable":true,"href":"https:\/\/www.malagasunapartments.com\/blog\/wp-json\/wp\/v2\/media\/285"}],"wp:attachment":[{"href":"https:\/\/www.malagasunapartments.com\/blog\/wp-json\/wp\/v2\/media?parent=281"}],"wp:term":[{"taxonomy":"category","embeddable":true,"href":"https:\/\/www.malagasunapartments.com\/blog\/wp-json\/wp\/v2\/categories?post=281"},{"taxonomy":"post_tag","embeddable":true,"href":"https:\/\/www.malagasunapartments.com\/blog\/wp-json\/wp\/v2\/tags?post=281"}],"curies":[{"name":"wp","href":"https:\/\/api.w.org\/{rel}","templated":true}]}}