{"id":999,"date":"2026-03-16T15:23:27","date_gmt":"2026-03-16T15:23:27","guid":{"rendered":"https:\/\/www.malagasunapartments.com\/blog\/?p=999"},"modified":"2026-03-16T15:23:31","modified_gmt":"2026-03-16T15:23:31","slug":"recorrido-oficial-semana-santa-malaga-2026-apartamentos-turisticos-en-malaga","status":"publish","type":"post","link":"https:\/\/www.malagasunapartments.com\/blog\/recorrido-oficial-semana-santa-malaga-2026-apartamentos-turisticos-en-malaga\/","title":{"rendered":"\u271d\ufe0f Recorrido Oficial de la Semana Santa de M\u00e1laga 2026: Qu\u00e9 Ver y D\u00f3nde Alojarse"},"content":{"rendered":"\n<p class=\"has-medium-font-size\">La <strong>Semana Santa de M\u00e1laga<\/strong> es una de las celebraciones m\u00e1s espectaculares de Espa\u00f1a. Cada a\u00f1o miles de visitantes llegan a <strong>M\u00e1laga capital<\/strong> para ver las procesiones recorrer el centro hist\u00f3rico.<\/p>\n\n\n\n<p class=\"has-medium-font-size\">Alojarte en nuestros <strong>apartamentos tur\u00edsticos en M\u00e1laga<\/strong> te permitir\u00e1 disfrutar del ambiente \u00fanico de la ciudad y acceder f\u00e1cilmente al <strong>recorrido oficial de Semana Santa<\/strong>.<\/p>\n\n\n\n<p><\/p>\n\n\n\n<h2 class=\"wp-block-heading has-large-font-size\">\ud83d\udccd \u00bfQu\u00e9 es el Recorrido Oficial?<\/h2>\n\n\n\n<p class=\"has-medium-font-size\">El <strong>recorrido oficial<\/strong> es el tramo del centro hist\u00f3rico por el que pasan todas las procesiones de <strong>Semana Santa en M\u00e1laga<\/strong>.<\/p>\n\n\n\n<p class=\"has-medium-font-size\">Normalmente atraviesa algunas de las calles m\u00e1s emblem\u00e1ticas de la ciudad, como:<\/p>\n\n\n\n<ul class=\"wp-block-list has-medium-font-size\">\n<li>Plaza de la Constituci\u00f3n<\/li>\n\n\n\n<li>Calle Larios<\/li>\n\n\n\n<li>Alameda Principal<\/li>\n<\/ul>\n\n\n\n<p class=\"has-medium-font-size\">Este recorrido es el punto m\u00e1s popular para ver las procesiones.<\/p>\n\n\n\n<p><\/p>\n\n\n\n<h2 class=\"wp-block-heading has-large-font-size\">\u26ea D\u00f3nde Ver las Procesiones<\/h2>\n\n\n\n<p class=\"has-medium-font-size\">Algunos de los mejores lugares para disfrutar del <strong>recorrido oficial de Semana Santa en M\u00e1laga capital<\/strong> son:<\/p>\n\n\n\n<ul class=\"wp-block-list\">\n<li class=\"has-medium-font-size\">Tribunas en la Alameda Principal<\/li>\n\n\n\n<li class=\"has-medium-font-size\">Plaza de la Constituci\u00f3n<\/li>\n\n\n\n<li class=\"has-medium-font-size\">Calle Larios<\/li>\n<\/ul>\n\n\n\n<p class=\"has-medium-font-size\">Desde estas zonas podr\u00e1s ver los tronos, nazarenos y bandas de m\u00fasica que forman parte de esta tradici\u00f3n \u00fanica.<\/p>\n\n\n\n<p><\/p>\n\n\n\n<h2 class=\"wp-block-heading has-large-font-size\">\ud83d\udd6f\ufe0f Qu\u00e9 Esperar Durante la Semana Santa<\/h2>\n\n\n\n<p class=\"has-medium-font-size\">Durante la <strong>Semana Santa en M\u00e1laga<\/strong> podr\u00e1s ver:<\/p>\n\n\n\n<ul class=\"wp-block-list has-medium-font-size\">\n<li>Procesiones hist\u00f3ricas<\/li>\n\n\n\n<li>Tronos de gran tama\u00f1o<\/li>\n\n\n\n<li>Miles de nazarenos<\/li>\n\n\n\n<li>M\u00fasica de bandas tradicionales<\/li>\n<\/ul>\n\n\n\n<p class=\"has-medium-font-size\">El ambiente en el centro de <strong>M\u00e1laga capital<\/strong> es espectacular y atrae a visitantes de todo el mundo.<\/p>\n\n\n\n<p><\/p>\n\n\n\n<h2 class=\"wp-block-heading has-large-font-size\">\ud83c\udfe1 Alojarse Cerca del Recorrido Oficial<\/h2>\n\n\n\n<p class=\"has-medium-font-size\">Si quieres vivir la <strong>Semana Santa de M\u00e1laga 2026<\/strong> al m\u00e1ximo, lo ideal es alojarte cerca del centro hist\u00f3rico.<\/p>\n\n\n\n<p class=\"has-medium-font-size\">Nuestros <strong>apartamentos tur\u00edsticos en M\u00e1laga<\/strong> te permiten:<\/p>\n\n\n\n<ul class=\"wp-block-list has-medium-font-size\">\n<li>Llegar caminando al recorrido oficial<\/li>\n\n\n\n<li>Disfrutar del ambiente cultural de la ciudad<\/li>\n\n\n\n<li>Vivir la tradici\u00f3n desde una ubicaci\u00f3n privilegiada<\/li>\n<\/ul>\n","protected":false},"excerpt":{"rendered":"<p>La Semana Santa de M\u00e1laga es una de las celebraciones m\u00e1s espectaculares de Espa\u00f1a. Cada a\u00f1o miles de visitantes llegan&#8230;<\/p>\n","protected":false},"author":2,"featured_media":1002,"comment_status":"open","ping_status":"open","sticky":false,"template":"","format":"standard","meta":{"footnotes":""},"categories":[73],"tags":[726,358,566,1320,754,849,21,1323,103,1324,1319,1321,806,1318,106,713,101],"class_list":["post-999","post","type-post","status-publish","format-standard","has-post-thumbnail","hentry","category-turismo","tag-apartamento","tag-ciudad-2","tag-cultura","tag-donde-alojarse","tag-emblema","tag-espana-2","tag-malaga-en","tag-oficial","tag-playa","tag-procesiones","tag-que-ver","tag-recorrido","tag-santa","tag-semana-santa","tag-sol-2","tag-turisitico","tag-turismo-2"],"yoast_head":"<!-- This site is optimized with the Yoast SEO plugin v26.4 - https:\/\/yoast.com\/wordpress\/plugins\/seo\/ -->\n<title>\u271d\ufe0f Recorrido Oficial de la Semana Santa de M\u00e1laga 2026: Qu\u00e9 Ver y D\u00f3nde Alojarse - Blog<\/title>\n<meta name=\"description\" content=\"Descubre el recorrido oficial de la Semana Santa de M\u00e1laga 2026 y disfruta de las procesiones aloj\u00e1ndote en nuestros apartamentos tur\u00edsticos en M\u00e1laga capital.\" \/>\n<meta name=\"robots\" content=\"index, follow, max-snippet:-1, max-image-preview:large, max-video-preview:-1\" \/>\n<link rel=\"canonical\" href=\"https:\/\/www.malagasunapartments.com\/blog\/recorrido-oficial-semana-santa-malaga-2026-apartamentos-turisticos-en-malaga\/\" \/>\n<meta property=\"og:locale\" content=\"es_ES\" \/>\n<meta property=\"og:type\" content=\"article\" \/>\n<meta property=\"og:title\" content=\"\u271d\ufe0f Recorrido Oficial de la Semana Santa de M\u00e1laga 2026: Qu\u00e9 Ver y D\u00f3nde Alojarse - Blog\" \/>\n<meta property=\"og:description\" content=\"Descubre el recorrido oficial de la Semana Santa de M\u00e1laga 2026 y disfruta de las procesiones aloj\u00e1ndote en nuestros apartamentos tur\u00edsticos en M\u00e1laga capital.\" \/>\n<meta property=\"og:url\" content=\"https:\/\/www.malagasunapartments.com\/blog\/recorrido-oficial-semana-santa-malaga-2026-apartamentos-turisticos-en-malaga\/\" \/>\n<meta property=\"og:site_name\" content=\"Blog\" \/>\n<meta property=\"article:published_time\" content=\"2026-03-16T15:23:27+00:00\" \/>\n<meta property=\"article:modified_time\" content=\"2026-03-16T15:23:31+00:00\" \/>\n<meta property=\"og:image\" content=\"https:\/\/www.malagasunapartments.com\/blog\/wp-content\/uploads\/2026\/03\/Captura-de-pantalla-2026-03-16-160230.png\" \/>\n\t<meta property=\"og:image:width\" content=\"328\" \/>\n\t<meta property=\"og:image:height\" content=\"382\" \/>\n\t<meta property=\"og:image:type\" content=\"image\/png\" \/>\n<meta name=\"author\" content=\"malagasunapartments\" \/>\n<meta name=\"twitter:card\" content=\"summary_large_image\" \/>\n<meta name=\"twitter:label1\" content=\"Escrito por\" \/>\n\t<meta name=\"twitter:data1\" content=\"malagasunapartments\" \/>\n\t<meta name=\"twitter:label2\" content=\"Tiempo de lectura\" \/>\n\t<meta name=\"twitter:data2\" content=\"2 minutos\" \/>\n<script type=\"application\/ld+json\" class=\"yoast-schema-graph\">{\"@context\":\"https:\/\/schema.org\",\"@graph\":[{\"@type\":\"WebPage\",\"@id\":\"https:\/\/www.malagasunapartments.com\/blog\/recorrido-oficial-semana-santa-malaga-2026-apartamentos-turisticos-en-malaga\/\",\"url\":\"https:\/\/www.malagasunapartments.com\/blog\/recorrido-oficial-semana-santa-malaga-2026-apartamentos-turisticos-en-malaga\/\",\"name\":\"\u271d\ufe0f Recorrido Oficial de la Semana Santa de M\u00e1laga 2026: Qu\u00e9 Ver y D\u00f3nde Alojarse - Blog\",\"isPartOf\":{\"@id\":\"https:\/\/www.malagasunapartments.com\/blog\/#website\"},\"primaryImageOfPage\":{\"@id\":\"https:\/\/www.malagasunapartments.com\/blog\/recorrido-oficial-semana-santa-malaga-2026-apartamentos-turisticos-en-malaga\/#primaryimage\"},\"image\":{\"@id\":\"https:\/\/www.malagasunapartments.com\/blog\/recorrido-oficial-semana-santa-malaga-2026-apartamentos-turisticos-en-malaga\/#primaryimage\"},\"thumbnailUrl\":\"https:\/\/www.malagasunapartments.com\/blog\/wp-content\/uploads\/2026\/03\/Captura-de-pantalla-2026-03-16-160230.png\",\"datePublished\":\"2026-03-16T15:23:27+00:00\",\"dateModified\":\"2026-03-16T15:23:31+00:00\",\"author\":{\"@id\":\"https:\/\/www.malagasunapartments.com\/blog\/#\/schema\/person\/04ea4e156558105073911e416db5e697\"},\"description\":\"Descubre el recorrido oficial de la Semana Santa de M\u00e1laga 2026 y disfruta de las procesiones aloj\u00e1ndote en nuestros apartamentos tur\u00edsticos en M\u00e1laga capital.\",\"breadcrumb\":{\"@id\":\"https:\/\/www.malagasunapartments.com\/blog\/recorrido-oficial-semana-santa-malaga-2026-apartamentos-turisticos-en-malaga\/#breadcrumb\"},\"inLanguage\":\"es\",\"potentialAction\":[{\"@type\":\"ReadAction\",\"target\":[\"https:\/\/www.malagasunapartments.com\/blog\/recorrido-oficial-semana-santa-malaga-2026-apartamentos-turisticos-en-malaga\/\"]}]},{\"@type\":\"ImageObject\",\"inLanguage\":\"es\",\"@id\":\"https:\/\/www.malagasunapartments.com\/blog\/recorrido-oficial-semana-santa-malaga-2026-apartamentos-turisticos-en-malaga\/#primaryimage\",\"url\":\"https:\/\/www.malagasunapartments.com\/blog\/wp-content\/uploads\/2026\/03\/Captura-de-pantalla-2026-03-16-160230.png\",\"contentUrl\":\"https:\/\/www.malagasunapartments.com\/blog\/wp-content\/uploads\/2026\/03\/Captura-de-pantalla-2026-03-16-160230.png\",\"width\":328,\"height\":382},{\"@type\":\"BreadcrumbList\",\"@id\":\"https:\/\/www.malagasunapartments.com\/blog\/recorrido-oficial-semana-santa-malaga-2026-apartamentos-turisticos-en-malaga\/#breadcrumb\",\"itemListElement\":[{\"@type\":\"ListItem\",\"position\":1,\"name\":\"Home\",\"item\":\"https:\/\/www.malagasunapartments.com\/blog\/\"},{\"@type\":\"ListItem\",\"position\":2,\"name\":\"\u271d\ufe0f Recorrido Oficial de la Semana Santa de M\u00e1laga 2026: Qu\u00e9 Ver y D\u00f3nde Alojarse\"}]},{\"@type\":\"WebSite\",\"@id\":\"https:\/\/www.malagasunapartments.com\/blog\/#website\",\"url\":\"https:\/\/www.malagasunapartments.com\/blog\/\",\"name\":\"Blog\",\"description\":\"Malagasunapartments\",\"potentialAction\":[{\"@type\":\"SearchAction\",\"target\":{\"@type\":\"EntryPoint\",\"urlTemplate\":\"https:\/\/www.malagasunapartments.com\/blog\/?s={search_term_string}\"},\"query-input\":{\"@type\":\"PropertyValueSpecification\",\"valueRequired\":true,\"valueName\":\"search_term_string\"}}],\"inLanguage\":\"es\"},{\"@type\":\"Person\",\"@id\":\"https:\/\/www.malagasunapartments.com\/blog\/#\/schema\/person\/04ea4e156558105073911e416db5e697\",\"name\":\"malagasunapartments\",\"image\":{\"@type\":\"ImageObject\",\"inLanguage\":\"es\",\"@id\":\"https:\/\/www.malagasunapartments.com\/blog\/#\/schema\/person\/image\/\",\"url\":\"https:\/\/secure.gravatar.com\/avatar\/e7588a947b8881a70db8840d4ffed85cf5b53bccce51d39f8a5d806916a24ca6?s=96&d=mm&r=g\",\"contentUrl\":\"https:\/\/secure.gravatar.com\/avatar\/e7588a947b8881a70db8840d4ffed85cf5b53bccce51d39f8a5d806916a24ca6?s=96&d=mm&r=g\",\"caption\":\"malagasunapartments\"},\"url\":\"https:\/\/www.malagasunapartments.com\/blog\/author\/malagasunapartments\/\"}]}<\/script>\n<!-- \/ Yoast SEO plugin. -->","yoast_head_json":{"title":"\u271d\ufe0f Recorrido Oficial de la Semana Santa de M\u00e1laga 2026: Qu\u00e9 Ver y D\u00f3nde Alojarse - Blog","description":"Descubre el recorrido oficial de la Semana Santa de M\u00e1laga 2026 y disfruta de las procesiones aloj\u00e1ndote en nuestros apartamentos tur\u00edsticos en M\u00e1laga capital.","robots":{"index":"index","follow":"follow","max-snippet":"max-snippet:-1","max-image-preview":"max-image-preview:large","max-video-preview":"max-video-preview:-1"},"canonical":"https:\/\/www.malagasunapartments.com\/blog\/recorrido-oficial-semana-santa-malaga-2026-apartamentos-turisticos-en-malaga\/","og_locale":"es_ES","og_type":"article","og_title":"\u271d\ufe0f Recorrido Oficial de la Semana Santa de M\u00e1laga 2026: Qu\u00e9 Ver y D\u00f3nde Alojarse - Blog","og_description":"Descubre el recorrido oficial de la Semana Santa de M\u00e1laga 2026 y disfruta de las procesiones aloj\u00e1ndote en nuestros apartamentos tur\u00edsticos en M\u00e1laga capital.","og_url":"https:\/\/www.malagasunapartments.com\/blog\/recorrido-oficial-semana-santa-malaga-2026-apartamentos-turisticos-en-malaga\/","og_site_name":"Blog","article_published_time":"2026-03-16T15:23:27+00:00","article_modified_time":"2026-03-16T15:23:31+00:00","og_image":[{"width":328,"height":382,"url":"https:\/\/www.malagasunapartments.com\/blog\/wp-content\/uploads\/2026\/03\/Captura-de-pantalla-2026-03-16-160230.png","type":"image\/png"}],"author":"malagasunapartments","twitter_card":"summary_large_image","twitter_misc":{"Escrito por":"malagasunapartments","Tiempo de lectura":"2 minutos"},"schema":{"@context":"https:\/\/schema.org","@graph":[{"@type":"WebPage","@id":"https:\/\/www.malagasunapartments.com\/blog\/recorrido-oficial-semana-santa-malaga-2026-apartamentos-turisticos-en-malaga\/","url":"https:\/\/www.malagasunapartments.com\/blog\/recorrido-oficial-semana-santa-malaga-2026-apartamentos-turisticos-en-malaga\/","name":"\u271d\ufe0f Recorrido Oficial de la Semana Santa de M\u00e1laga 2026: Qu\u00e9 Ver y D\u00f3nde Alojarse - Blog","isPartOf":{"@id":"https:\/\/www.malagasunapartments.com\/blog\/#website"},"primaryImageOfPage":{"@id":"https:\/\/www.malagasunapartments.com\/blog\/recorrido-oficial-semana-santa-malaga-2026-apartamentos-turisticos-en-malaga\/#primaryimage"},"image":{"@id":"https:\/\/www.malagasunapartments.com\/blog\/recorrido-oficial-semana-santa-malaga-2026-apartamentos-turisticos-en-malaga\/#primaryimage"},"thumbnailUrl":"https:\/\/www.malagasunapartments.com\/blog\/wp-content\/uploads\/2026\/03\/Captura-de-pantalla-2026-03-16-160230.png","datePublished":"2026-03-16T15:23:27+00:00","dateModified":"2026-03-16T15:23:31+00:00","author":{"@id":"https:\/\/www.malagasunapartments.com\/blog\/#\/schema\/person\/04ea4e156558105073911e416db5e697"},"description":"Descubre el recorrido oficial de la Semana Santa de M\u00e1laga 2026 y disfruta de las procesiones aloj\u00e1ndote en nuestros apartamentos tur\u00edsticos en M\u00e1laga capital.","breadcrumb":{"@id":"https:\/\/www.malagasunapartments.com\/blog\/recorrido-oficial-semana-santa-malaga-2026-apartamentos-turisticos-en-malaga\/#breadcrumb"},"inLanguage":"es","potentialAction":[{"@type":"ReadAction","target":["https:\/\/www.malagasunapartments.com\/blog\/recorrido-oficial-semana-santa-malaga-2026-apartamentos-turisticos-en-malaga\/"]}]},{"@type":"ImageObject","inLanguage":"es","@id":"https:\/\/www.malagasunapartments.com\/blog\/recorrido-oficial-semana-santa-malaga-2026-apartamentos-turisticos-en-malaga\/#primaryimage","url":"https:\/\/www.malagasunapartments.com\/blog\/wp-content\/uploads\/2026\/03\/Captura-de-pantalla-2026-03-16-160230.png","contentUrl":"https:\/\/www.malagasunapartments.com\/blog\/wp-content\/uploads\/2026\/03\/Captura-de-pantalla-2026-03-16-160230.png","width":328,"height":382},{"@type":"BreadcrumbList","@id":"https:\/\/www.malagasunapartments.com\/blog\/recorrido-oficial-semana-santa-malaga-2026-apartamentos-turisticos-en-malaga\/#breadcrumb","itemListElement":[{"@type":"ListItem","position":1,"name":"Home","item":"https:\/\/www.malagasunapartments.com\/blog\/"},{"@type":"ListItem","position":2,"name":"\u271d\ufe0f Recorrido Oficial de la Semana Santa de M\u00e1laga 2026: Qu\u00e9 Ver y D\u00f3nde Alojarse"}]},{"@type":"WebSite","@id":"https:\/\/www.malagasunapartments.com\/blog\/#website","url":"https:\/\/www.malagasunapartments.com\/blog\/","name":"Blog","description":"Malagasunapartments","potentialAction":[{"@type":"SearchAction","target":{"@type":"EntryPoint","urlTemplate":"https:\/\/www.malagasunapartments.com\/blog\/?s={search_term_string}"},"query-input":{"@type":"PropertyValueSpecification","valueRequired":true,"valueName":"search_term_string"}}],"inLanguage":"es"},{"@type":"Person","@id":"https:\/\/www.malagasunapartments.com\/blog\/#\/schema\/person\/04ea4e156558105073911e416db5e697","name":"malagasunapartments","image":{"@type":"ImageObject","inLanguage":"es","@id":"https:\/\/www.malagasunapartments.com\/blog\/#\/schema\/person\/image\/","url":"https:\/\/secure.gravatar.com\/avatar\/e7588a947b8881a70db8840d4ffed85cf5b53bccce51d39f8a5d806916a24ca6?s=96&d=mm&r=g","contentUrl":"https:\/\/secure.gravatar.com\/avatar\/e7588a947b8881a70db8840d4ffed85cf5b53bccce51d39f8a5d806916a24ca6?s=96&d=mm&r=g","caption":"malagasunapartments"},"url":"https:\/\/www.malagasunapartments.com\/blog\/author\/malagasunapartments\/"}]}},"_links":{"self":[{"href":"https:\/\/www.malagasunapartments.com\/blog\/wp-json\/wp\/v2\/posts\/999","targetHints":{"allow":["GET"]}}],"collection":[{"href":"https:\/\/www.malagasunapartments.com\/blog\/wp-json\/wp\/v2\/posts"}],"about":[{"href":"https:\/\/www.malagasunapartments.com\/blog\/wp-json\/wp\/v2\/types\/post"}],"author":[{"embeddable":true,"href":"https:\/\/www.malagasunapartments.com\/blog\/wp-json\/wp\/v2\/users\/2"}],"replies":[{"embeddable":true,"href":"https:\/\/www.malagasunapartments.com\/blog\/wp-json\/wp\/v2\/comments?post=999"}],"version-history":[{"count":1,"href":"https:\/\/www.malagasunapartments.com\/blog\/wp-json\/wp\/v2\/posts\/999\/revisions"}],"predecessor-version":[{"id":1004,"href":"https:\/\/www.malagasunapartments.com\/blog\/wp-json\/wp\/v2\/posts\/999\/revisions\/1004"}],"wp:featuredmedia":[{"embeddable":true,"href":"https:\/\/www.malagasunapartments.com\/blog\/wp-json\/wp\/v2\/media\/1002"}],"wp:attachment":[{"href":"https:\/\/www.malagasunapartments.com\/blog\/wp-json\/wp\/v2\/media?parent=999"}],"wp:term":[{"taxonomy":"category","embeddable":true,"href":"https:\/\/www.malagasunapartments.com\/blog\/wp-json\/wp\/v2\/categories?post=999"},{"taxonomy":"post_tag","embeddable":true,"href":"https:\/\/www.malagasunapartments.com\/blog\/wp-json\/wp\/v2\/tags?post=999"}],"curies":[{"name":"wp","href":"https:\/\/api.w.org\/{rel}","templated":true}]}}